{"id":92,"date":"2017-10-16T10:43:55","date_gmt":"2017-10-16T09:43:55","guid":{"rendered":"https:\/\/www.garabide.eus\/blogak\/ikastaldi-trinkoa\/?p=92"},"modified":"2017-10-25T08:42:07","modified_gmt":"2017-10-25T07:42:07","slug":"ikastaroa-komunikabideetan","status":"publish","type":"post","link":"https:\/\/www.garabide.eus\/blogak\/ikastaldi-trinkoa\/2017\/10\/16\/ikastaroa-komunikabideetan\/","title":{"rendered":"Ikastaroa komunikabideetan"},"content":{"rendered":"<p>Hemen ditugu bilduta ikastaroak komunikabideetan momenturarte izan duen oihartzuna:<\/p>\n<ul>\n<li>2017\/10\/4 GOIENA. <a href=\"https:\/\/goiena.eus\/debagoiena\/1507124805041-hamabi-parte-hartzailerekin-abian-da-hizkuntzen-biziberritzeari-buruz-garabidek-antolatutako-ikastaldia\">Hamabi parte-hartzaileekin, abian da hizkuntzen biziberritzeari buruz Garabidek antolatutako ikastaldia.<\/a><\/li>\n<li>2017\/10\/5 BERRIA. <a href=\"http:\/\/www.berria.eus\/paperekoa\/1830\/030\/001\/2017-10-05\/trukea_ere_bada_biziberritzea.htm\">Trukea ere bada biziberritzea<\/a>.<\/li>\n<li>2017\/10\/6 PLAZABERRI. <a href=\"http:\/\/www.plazaberri.info\/jendartea-kultura\/revitalizacion-de-las-lenguas\">Revitalizaci\u00f3n de las lenguas.<\/a><\/li>\n<li>2017\/10\/10 BEASAINGO UDALA. <a href=\"http:\/\/www.beasain.eus\/bestelakoak-albisteak\/920-udalak-garabiderekin-batera-hizkuntza-gutxiagotuen-alde-lan-egingo-du\">Udala Garabiderekin elkarlanean hizkuntza gutxituen alde<\/a>. (Baita <a href=\"http:\/\/www.beasain.eus\/es\/otros-noticias\/921-el-ayto-apoya-junto-a-garabide-la-labor-a-favor-de-las-lenguas-minoritarias\">gazteleraz<\/a> ere).<\/li>\n<li>2017\/10\/10 OIARTZUNGO UDALA. <a href=\"http:\/\/oiartzuarrak.org\/udala\/albisteak\/20171010\/Amerikako_hizkuntza_indigenei_buruzko_dokumentala_eta_solasaldia_Oiartzunen\">Amerikako hizkuntza indigenei buruzko dokumentala eta solasaldia Oiartzunen.<\/a><\/li>\n<li>2017\/10\/11 RADIO EUSKADI. &#8220;<a href=\"http:\/\/www.eitb.tv\/es\/radio\/radio-euskadi\/la-casa-de-la-palabra\/5049644\/5137083\/biciclown-en-cataluna-wop-en-gorbeia-etnias-nahualt-y-nasa\/?_ga=2.246234893.88393524.1507529129-1044294961.1506847137&amp;__utma=144586529.1044294961.1506847137.1507702103.1507754954.22&amp;__utmb=144586529.1.10.1507754954&amp;__utmc=144586529&amp;__utmx=-&amp;__utmz=144586529.1507754954.22.9.utmcsr=google|utmccn=%28organic%29|utmcmd=organic|utmctr=%28not%20provided%29&amp;__utmv=-&amp;__utmk=225002394\">La casa de la palabr<\/a>a&#8221; saioan, 38. minututik aurrera.<\/li>\n<li>2017\/10\/11 MONDRABERRI.\u00a0<a href=\"http:\/\/www.mondraberri.com\/mondraberri\/contenidos.item.action?id=6812646&amp;menuId=6812646&amp;onlypath=true\">Hizkuntza gutxiagotuen ordezkariei harrera egin die Mondraberri.eus atariak<\/a>.<\/li>\n<li>2017\/10\/11 DIARIO VASCO. <a href=\"http:\/\/www.diariovasco.com\/tolosa-goierri\/beasain\/apoyo-lenguas-minoritarias-20171011004504-ntvo.html\">En apoyo de las lenguas minoritarias.<\/a><\/li>\n<li>2017\/10\/11 OIARTZUN IRRATIA. Mikel Mendizabalek ikastaroa aipatu zuen ere,\u00a0<a href=\"http:\/\/oiartzunirratia.org\/attachments\/article\/1970\/UDALAN%20TARTIA%20Mikel%20Mendizabal%202017-10-11.mp3\">linka.<\/a><\/li>\n<li>2017\/10\/13 NOTICIAS DE GIPUZKOA. <a href=\"http:\/\/m.noticiasdegipuzkoa.com\/2017\/10\/13\/vecinos\/goierri\/la-importancia-de-las-lenguas-minoritarias\">La importancia de las lenguas minoritarias.<\/a><\/li>\n<li>2017\/10\/15 DIARIO VASCO. &#8220;<a href=\"http:\/\/www.diariovasco.com\/alto-deba\/lengua-desarrollo-trabajamos-20171015003121-ntvo.html\">La lengua es el eje del desarrollo y en ello trabajamos desde el a\u00f1o 2005<\/a>&#8220;.<\/li>\n<li>2017\/10\/15 DIARIO VASCO. <a href=\"http:\/\/www.diariovasco.com\/alto-deba\/presentacion-curso-intensivo-20171015003203-ntvo.html\">Presentaci\u00f3n del &#8220;curso intensivo en direcci\u00f3n y revitalizaci\u00f3n de la lengua.<\/a><\/li>\n<li>2017\/10\/15 GARA. <a href=\"http:\/\/www.naiz.eus\/fr\/hemeroteca\/gara\/editions\/2017-10-15\/hemeroteca_articles\/euskararen-biziberritze-herrena-bertze-komunitateen-inspirazio?slug=euskararen-biziberritze-herrena-bertze-komunitateen-inspirazio\">Euskararen biziberritze errena, bertze komunitateen inspirazio.<\/a><\/li>\n<li>2017\/10\/15 EITB. <a href=\"http:\/\/www.eitb.eus\/eu\/irratia\/euskadi-irratia\/programak\/amarauna\/osoa\/5145660\/aran-bailarako-gonbidatuak-eta-hizkuntza-gutxituetako-ordezkariak-lesakan\/\">Aran bailarako gonbidatuak eta hizkuntza gutxituetako ordezkariak Lesakan.<\/a><\/li>\n<li>2017\/10\/20 GOIBERRI. &#8220;<a href=\"http:\/\/goiberri.eus\/2017\/10\/20\/zuek-euskaraz-nik-zergatik-ez\/\">Zuek euskaraz, nik zergatik ez<\/a>?&#8221; Joxe Begiristain<\/li>\n<\/ul>\n<p>Jarraituko dugu&#8230;<\/p>\n","protected":false},"excerpt":{"rendered":"<p>Hemen ditugu bilduta ikastaroak komunikabideetan momenturarte izan duen oihartzuna: 2017\/10\/4 GOIENA. Hamabi parte-hartzaileekin, abian da hizkuntzen biziberritzeari buruz Garabidek antolatutako ikastaldia. 2017\/10\/5 BERRIA. Trukea ere bada biziberritzea. 2017\/10\/6 PLAZABERRI. Revitalizaci\u00f3n de las lenguas. 2017\/10\/10 BEASAINGO UDALA. Udala Garabiderekin elkarlanean hizkuntza &hellip; <a href=\"https:\/\/www.garabide.eus\/blogak\/ikastaldi-trinkoa\/2017\/10\/16\/ikastaroa-komunikabideetan\/\">Jarraitu irakurtzen <span class=\"meta-nav\">&rarr;<\/span><\/a><\/p>\n","protected":false},"author":3,"featured_media":0,"comment_status":"open","ping_status":"open","sticky":false,"template":"","format":"standard","meta":{"footnotes":""},"categories":[1],"tags":[],"_links":{"self":[{"href":"https:\/\/www.garabide.eus\/blogak\/ikastaldi-trinkoa\/wp-json\/wp\/v2\/posts\/92"}],"collection":[{"href":"https:\/\/www.garabide.eus\/blogak\/ikastaldi-trinkoa\/wp-json\/wp\/v2\/posts"}],"about":[{"href":"https:\/\/www.garabide.eus\/blogak\/ikastaldi-trinkoa\/wp-json\/wp\/v2\/types\/post"}],"author":[{"embeddable":true,"href":"https:\/\/www.garabide.eus\/blogak\/ikastaldi-trinkoa\/wp-json\/wp\/v2\/users\/3"}],"replies":[{"embeddable":true,"href":"https:\/\/www.garabide.eus\/blogak\/ikastaldi-trinkoa\/wp-json\/wp\/v2\/comments?post=92"}],"version-history":[{"count":3,"href":"https:\/\/www.garabide.eus\/blogak\/ikastaldi-trinkoa\/wp-json\/wp\/v2\/posts\/92\/revisions"}],"predecessor-version":[{"id":164,"href":"https:\/\/www.garabide.eus\/blogak\/ikastaldi-trinkoa\/wp-json\/wp\/v2\/posts\/92\/revisions\/164"}],"wp:attachment":[{"href":"https:\/\/www.garabide.eus\/blogak\/ikastaldi-trinkoa\/wp-json\/wp\/v2\/media?parent=92"}],"wp:term":[{"taxonomy":"category","embeddable":true,"href":"https:\/\/www.garabide.eus\/blogak\/ikastaldi-trinkoa\/wp-json\/wp\/v2\/categories?post=92"},{"taxonomy":"post_tag","embeddable":true,"href":"https:\/\/www.garabide.eus\/blogak\/ikastaldi-trinkoa\/wp-json\/wp\/v2\/tags?post=92"}],"curies":[{"name":"wp","href":"https:\/\/api.w.org\/{rel}","templated":true}]}}