{"id":61,"date":"2016-10-17T10:47:11","date_gmt":"2016-10-17T09:47:11","guid":{"rendered":"https:\/\/www.garabide.eus\/blogak\/hizkuntza-biziberritzeko-estrategiak\/?p=61"},"modified":"2016-10-17T11:26:55","modified_gmt":"2016-10-17T10:26:55","slug":"zer-arraroa-jatorrizko-hizkuntzarik-gabe-nafarroa","status":"publish","type":"post","link":"https:\/\/www.garabide.eus\/blogak\/hizkuntza-biziberritzeko-estrategiak\/2016\/10\/17\/zer-arraroa-jatorrizko-hizkuntzarik-gabe-nafarroa\/","title":{"rendered":"Zer arraroa jatorrizko hizkuntzarik gabe, Nafarroa!"},"content":{"rendered":"<p style=\"text-align: right;\">[<a href=\"https:\/\/twitter.com\/bgaraio\">Be\u00f1at Garaio<\/a>ren kronika]<\/p>\n<blockquote><p>&#8220;Ser\u00eda en verdad una actitud ingenua esperar que las clases dominantes desarrollasen una forma de educaci\u00f3n que permitiese a las clases dominadas percibir las injusticias sociales en forma cr\u00edtica&#8221; (Paulo Freire)<\/p><\/blockquote>\n<p>Bigarren astearen amaiera ere soziolinguistika lantzen eman genuen, I\u00f1igo Arteatx eta Jon Sarasuaren eskutik. Bi irakasleek elebakarren ideologia oztopotzailea jorratu zuten, hizkuntza hedatzaileen dinamika glotofagikoa azaltzeaz gain. Egoera gutxitu batean hizkuntza hedatzaileetako hiztun batek bere balioa areagotzen du eta elkarrizketetan berea da hizkuntza &#8220;<strong>inposatzeko<\/strong>&#8221; boterea. Batzuetan hizkuntza gutxitua erabiltzea errespetu falta omen da, eta Imbaburako kichwa batek honako pasarte hau partekatu zuen. Bere udaletxeko bileran %95 indigena kichwa hiztunak dira, baina udal-batzarretan jatorrizko hizkuntzetan hitz egiten hasten direnean mestizo urri horiek protesta egiten dute, esanez \u201c<strong>mayor respeto, aqui habemos gente que no hablamos<\/strong>\u201d. Baina norena da errespetu falta? I\u00f1igoren lagun batek esaten duena interesgarria iruditu zaigu:\u00a0\u201c<strong>Lagun bati kafe bat ordaintzea keinu polita da, baina aldiro kafe bat ordaintzea ez da eskuzabaltasuna, hori subordinazioa da<\/strong>\u201d<\/p>\n<p>Horren argitan, jakizu elebakarra zarenez muga batzuk dituzula eta horri aurre egin behar diozula. Ezin dituzu denak manupean izan zure mugak inposatuz.<\/p>\n<div id=\"attachment_62\" style=\"width: 594px\" class=\"wp-caption alignnone\"><img loading=\"lazy\" decoding=\"async\" aria-describedby=\"caption-attachment-62\" class=\"wp-image-62 size-large\" src=\"https:\/\/www.garabide.eus\/blogak\/hizkuntza-biziberritzeko-estrategiak\/wp-content\/uploads\/sites\/8\/2016\/10\/WhatsApp-Image-2016-10-12-at-17.35.29-1024x768.jpeg\" alt=\"I\u00f1igo Arteatx\" width=\"584\" height=\"438\" srcset=\"https:\/\/www.garabide.eus\/blogak\/hizkuntza-biziberritzeko-estrategiak\/wp-content\/uploads\/sites\/8\/2016\/10\/WhatsApp-Image-2016-10-12-at-17.35.29-1024x768.jpeg 1024w, https:\/\/www.garabide.eus\/blogak\/hizkuntza-biziberritzeko-estrategiak\/wp-content\/uploads\/sites\/8\/2016\/10\/WhatsApp-Image-2016-10-12-at-17.35.29-300x225.jpeg 300w, https:\/\/www.garabide.eus\/blogak\/hizkuntza-biziberritzeko-estrategiak\/wp-content\/uploads\/sites\/8\/2016\/10\/WhatsApp-Image-2016-10-12-at-17.35.29-768x576.jpeg 768w, https:\/\/www.garabide.eus\/blogak\/hizkuntza-biziberritzeko-estrategiak\/wp-content\/uploads\/sites\/8\/2016\/10\/WhatsApp-Image-2016-10-12-at-17.35.29-400x300.jpeg 400w, https:\/\/www.garabide.eus\/blogak\/hizkuntza-biziberritzeko-estrategiak\/wp-content\/uploads\/sites\/8\/2016\/10\/WhatsApp-Image-2016-10-12-at-17.35.29.jpeg 1600w\" sizes=\"(max-width: 584px) 100vw, 584px\" \/><p id=\"caption-attachment-62\" class=\"wp-caption-text\">I\u00f1igo Arteatx soziolinguistikaren oinarriak azaltzen<\/p><\/div>\n<p>Hizkuntzak biziberritzeko hainbat ekimenen aurka azaltzen da gizarteko sektore bat, argudiatuz diskriminazio positiboa gehiegizkoa dela. Horren aurrean hizkuntza-ekologiaren printzipioak erabili genitzake, zeren berdina pentsatzen al da animaliak zaintzerako orduan? I\u00f1igo kinka horretan jarri zen eta aldarri hau bota zuen: &#8220;<strong>\u00a1Qu\u00e9 se organicen las ballenas, a m\u00ed no me incumbe!<\/strong>&#8221;<\/p>\n<p>Dena den, komunitateko elebakarrak ez dira beti etsai okerrenak hizkuntza biziberritzerako orduan eta Viviana Garabideko kideak dio &#8220;<strong>borroka ankerrena etxe barruan gertatzen dena d[el]a, zure etsai okerrenarekin lo egiten ari zarenean<\/strong>&#8220;. Nasa yuween kasuan, Kolonbiako estatuarentzako oso komunitate txikia, okerragoa da nasa agintarien jokaera zikoitza hizkuntzarekiko, folklorizazio hutsala bultzatzen ari direlarik.<\/p>\n<p>Oztopoak oztopo, hizkuntzak nahitaez funtzioak behar dituztela\u00a0 ikasi genuen, funtziorik gabe bere biziraupena oso zalantzakorra delako. Behetik gorako lana da egin behar dena, eta adibidez, gurekin dagoen maya yucateko batek bere familia osoko hizkuntza dinamikak aldatu zituen, bere borondatea praktikan jartzearen ondorioz. Hain zuzen ere, Jon Sarasuak eskatu zigun gobernuei eta indar makroei ardura gutxiago aitortzeko eta norbere esku dagoen guztia egiteko, horrek aktibatuko baitu benetako aldaketa. Hots, Jonen esanetan hizkuntzaren berreskurapeneko prozesu honen palanka nagusia espazio pertsonalean hasten da, hori baita norberaren jokaleku esklusiboa. Norberaren aukera da eta &#8220;<strong>nire eta nire inguru afektiboaren eremua da, zelai politiko eta pre-politiko bat da<\/strong>&#8220;. Horrela lortuko da \u201c<strong>Aqu\u00ed todav\u00eda se habla castellano<\/strong>\u201d-tik \u201c<strong>Aqu\u00ed ya se habla en la lengua originaria<\/strong>\u201d egoerara pasatzea.<\/p>\n<p>Kosmobisioa eta hizkuntzaren arteko dema izan zen azaldu zen beste gaietako bat, zalantza esistentzial potolo samarra azaldu baizitzaigun: zer da garrantzitsuagoa, norberaren pentsamendu sakona mantentzea edota hizkuntza? Kichwa batek esan zigun euskaldunek duten hizkuntza-biziberritzearen arrakasta esanguratsua dela, baina kulturalki espainiarrengandik ez dugula alde handirik.<\/p>\n<p>Emakumeen berdintasuna eta ahalduntzea ere landu genituen beste modulu batean Nora Etxaniz eta <a href=\"https:\/\/abarquin.wordpress.com\/\">Amelia Barqu\u00edn<\/a>ekin. Lehenengoak ahalduntzearen bilakaera historikoa azaldu zuen, baita berdintasunaren tresnak zeintzuk diren ere. Bigarrenak, aldiz, heteronorma, androzentrismoa, sexismoa eta hizkuntzaren erabilera baztergarria landu zituen (bide batez, hizkuntzak ez dira sexistak; erabilera bai). Eztabaida interesgarriak azaldu ziren eta bakoitzak etxetik dakarren ikuspegian berdintasuna txertatzea erronka interesgarria dela ikusi genuen.<\/p>\n<div id=\"attachment_66\" style=\"width: 594px\" class=\"wp-caption alignnone\"><img loading=\"lazy\" decoding=\"async\" aria-describedby=\"caption-attachment-66\" class=\"wp-image-66 size-large\" src=\"https:\/\/www.garabide.eus\/blogak\/hizkuntza-biziberritzeko-estrategiak\/wp-content\/uploads\/sites\/8\/2016\/10\/161017-Amelia-Barquin-1024x768.jpeg\" alt=\"161017 Amelia Barquin\" width=\"584\" height=\"438\" srcset=\"https:\/\/www.garabide.eus\/blogak\/hizkuntza-biziberritzeko-estrategiak\/wp-content\/uploads\/sites\/8\/2016\/10\/161017-Amelia-Barquin-1024x768.jpeg 1024w, https:\/\/www.garabide.eus\/blogak\/hizkuntza-biziberritzeko-estrategiak\/wp-content\/uploads\/sites\/8\/2016\/10\/161017-Amelia-Barquin-300x225.jpeg 300w, https:\/\/www.garabide.eus\/blogak\/hizkuntza-biziberritzeko-estrategiak\/wp-content\/uploads\/sites\/8\/2016\/10\/161017-Amelia-Barquin-768x576.jpeg 768w, https:\/\/www.garabide.eus\/blogak\/hizkuntza-biziberritzeko-estrategiak\/wp-content\/uploads\/sites\/8\/2016\/10\/161017-Amelia-Barquin-400x300.jpeg 400w, https:\/\/www.garabide.eus\/blogak\/hizkuntza-biziberritzeko-estrategiak\/wp-content\/uploads\/sites\/8\/2016\/10\/161017-Amelia-Barquin.jpeg 1600w\" sizes=\"(max-width: 584px) 100vw, 584px\" \/><p id=\"caption-attachment-66\" class=\"wp-caption-text\">Amelia Barquin &#8220;Generoa eta hizkuntza&#8221; tailerrean<\/p><\/div>\n<p>Asteari amaiera emateko, igandean (atzo) Nafarroa Oinezera joan ginen egun pasa eta Vianan ere ongietorri polita egin ziguten Unai Arellano eta &#8220;<a href=\"http:\/\/txikiakhandi.eus\/\">Txikiak Haundi<\/a>&#8220;-koek. Hainbat kontzertu ikusteko aukera izan genuen, adibidez, Izaki Gardenak eta ETS, eta Trikidantzekoekin astindu ederra eman genion gorputzari. Goiz itzuli ginen Eskoriatzara, aste honen hasieran hizkuntzaren corpusa landu behar dugulako Jon Sarasua eta Andoni Barre\u00f1arekin eta Kike Amonarriz etorriko zaigulako.<\/p>\n<div id=\"attachment_65\" style=\"width: 594px\" class=\"wp-caption alignnone\"><img loading=\"lazy\" decoding=\"async\" aria-describedby=\"caption-attachment-65\" class=\"wp-image-65 size-large\" src=\"https:\/\/www.garabide.eus\/blogak\/hizkuntza-biziberritzeko-estrategiak\/wp-content\/uploads\/sites\/8\/2016\/10\/WhatsApp-Image-2016-10-17-at-11.33.51-1024x768.jpeg\" alt=\"Nafarroa Oinez\" width=\"584\" height=\"438\" srcset=\"https:\/\/www.garabide.eus\/blogak\/hizkuntza-biziberritzeko-estrategiak\/wp-content\/uploads\/sites\/8\/2016\/10\/WhatsApp-Image-2016-10-17-at-11.33.51-1024x768.jpeg 1024w, https:\/\/www.garabide.eus\/blogak\/hizkuntza-biziberritzeko-estrategiak\/wp-content\/uploads\/sites\/8\/2016\/10\/WhatsApp-Image-2016-10-17-at-11.33.51-300x225.jpeg 300w, https:\/\/www.garabide.eus\/blogak\/hizkuntza-biziberritzeko-estrategiak\/wp-content\/uploads\/sites\/8\/2016\/10\/WhatsApp-Image-2016-10-17-at-11.33.51-768x576.jpeg 768w, https:\/\/www.garabide.eus\/blogak\/hizkuntza-biziberritzeko-estrategiak\/wp-content\/uploads\/sites\/8\/2016\/10\/WhatsApp-Image-2016-10-17-at-11.33.51-400x300.jpeg 400w, https:\/\/www.garabide.eus\/blogak\/hizkuntza-biziberritzeko-estrategiak\/wp-content\/uploads\/sites\/8\/2016\/10\/WhatsApp-Image-2016-10-17-at-11.33.51.jpeg 1600w\" sizes=\"(max-width: 584px) 100vw, 584px\" \/><p id=\"caption-attachment-65\" class=\"wp-caption-text\">Nafarroa Oinezen ikastaroko eta Txikiak Handiko kideekin<\/p><\/div>\n<div id=\"attachment_64\" style=\"width: 594px\" class=\"wp-caption alignnone\"><img loading=\"lazy\" decoding=\"async\" aria-describedby=\"caption-attachment-64\" class=\"wp-image-64 size-large\" src=\"https:\/\/www.garabide.eus\/blogak\/hizkuntza-biziberritzeko-estrategiak\/wp-content\/uploads\/sites\/8\/2016\/10\/WhatsApp-Image-2016-10-16-at-12.12.16-1024x576.jpeg\" alt=\"Txikiak Handi\" width=\"584\" height=\"329\" srcset=\"https:\/\/www.garabide.eus\/blogak\/hizkuntza-biziberritzeko-estrategiak\/wp-content\/uploads\/sites\/8\/2016\/10\/WhatsApp-Image-2016-10-16-at-12.12.16-1024x576.jpeg 1024w, https:\/\/www.garabide.eus\/blogak\/hizkuntza-biziberritzeko-estrategiak\/wp-content\/uploads\/sites\/8\/2016\/10\/WhatsApp-Image-2016-10-16-at-12.12.16-300x169.jpeg 300w, https:\/\/www.garabide.eus\/blogak\/hizkuntza-biziberritzeko-estrategiak\/wp-content\/uploads\/sites\/8\/2016\/10\/WhatsApp-Image-2016-10-16-at-12.12.16-768x432.jpeg 768w, https:\/\/www.garabide.eus\/blogak\/hizkuntza-biziberritzeko-estrategiak\/wp-content\/uploads\/sites\/8\/2016\/10\/WhatsApp-Image-2016-10-16-at-12.12.16-500x281.jpeg 500w, https:\/\/www.garabide.eus\/blogak\/hizkuntza-biziberritzeko-estrategiak\/wp-content\/uploads\/sites\/8\/2016\/10\/WhatsApp-Image-2016-10-16-at-12.12.16.jpeg 1328w\" sizes=\"(max-width: 584px) 100vw, 584px\" \/><p id=\"caption-attachment-64\" class=\"wp-caption-text\">Hartu, Tenka, Tira lelopean, Nafarroa Oinezen ekitaldi nagusian izan ziren ikastaroko kideak<\/p><\/div>\n<p>Jarraituko dugu egiten dugunaren berri ematen! Ondo hasi astea!<\/p>\n","protected":false},"excerpt":{"rendered":"<p>[Be\u00f1at Garaioren kronika] &#8220;Ser\u00eda en verdad una actitud ingenua esperar que las clases dominantes desarrollasen una forma de educaci\u00f3n que permitiese a las clases dominadas percibir las injusticias sociales en forma cr\u00edtica&#8221; (Paulo Freire) Bigarren astearen amaiera ere soziolinguistika lantzen &hellip; <a href=\"https:\/\/www.garabide.eus\/blogak\/hizkuntza-biziberritzeko-estrategiak\/2016\/10\/17\/zer-arraroa-jatorrizko-hizkuntzarik-gabe-nafarroa\/\">Jarraitu irakurtzen <span class=\"meta-nav\">&rarr;<\/span><\/a><\/p>\n","protected":false},"author":8,"featured_media":0,"comment_status":"open","ping_status":"open","sticky":false,"template":"","format":"standard","meta":{"footnotes":""},"categories":[1],"tags":[],"_links":{"self":[{"href":"https:\/\/www.garabide.eus\/blogak\/hizkuntza-biziberritzeko-estrategiak\/wp-json\/wp\/v2\/posts\/61"}],"collection":[{"href":"https:\/\/www.garabide.eus\/blogak\/hizkuntza-biziberritzeko-estrategiak\/wp-json\/wp\/v2\/posts"}],"about":[{"href":"https:\/\/www.garabide.eus\/blogak\/hizkuntza-biziberritzeko-estrategiak\/wp-json\/wp\/v2\/types\/post"}],"author":[{"embeddable":true,"href":"https:\/\/www.garabide.eus\/blogak\/hizkuntza-biziberritzeko-estrategiak\/wp-json\/wp\/v2\/users\/8"}],"replies":[{"embeddable":true,"href":"https:\/\/www.garabide.eus\/blogak\/hizkuntza-biziberritzeko-estrategiak\/wp-json\/wp\/v2\/comments?post=61"}],"version-history":[{"count":5,"href":"https:\/\/www.garabide.eus\/blogak\/hizkuntza-biziberritzeko-estrategiak\/wp-json\/wp\/v2\/posts\/61\/revisions"}],"predecessor-version":[{"id":72,"href":"https:\/\/www.garabide.eus\/blogak\/hizkuntza-biziberritzeko-estrategiak\/wp-json\/wp\/v2\/posts\/61\/revisions\/72"}],"wp:attachment":[{"href":"https:\/\/www.garabide.eus\/blogak\/hizkuntza-biziberritzeko-estrategiak\/wp-json\/wp\/v2\/media?parent=61"}],"wp:term":[{"taxonomy":"category","embeddable":true,"href":"https:\/\/www.garabide.eus\/blogak\/hizkuntza-biziberritzeko-estrategiak\/wp-json\/wp\/v2\/categories?post=61"},{"taxonomy":"post_tag","embeddable":true,"href":"https:\/\/www.garabide.eus\/blogak\/hizkuntza-biziberritzeko-estrategiak\/wp-json\/wp\/v2\/tags?post=61"}],"curies":[{"name":"wp","href":"https:\/\/api.w.org\/{rel}","templated":true}]}}