{"id":10,"date":"2009-02-25T09:42:35","date_gmt":"2009-02-25T09:42:35","guid":{"rendered":"https:\/\/www.garabide.eus\/blogak\/bidaidetzak\/?p=10"},"modified":"2015-04-17T09:27:08","modified_gmt":"2015-04-17T09:27:08","slug":"luis-salgado-una-vision-diferente-de-quien-son-los-vascos","status":"publish","type":"post","link":"https:\/\/www.garabide.eus\/blogak\/bidaidetzak\/2009\/02\/25\/luis-salgado-una-vision-diferente-de-quien-son-los-vascos\/","title":{"rendered":"Luis Salgado: Una visi\u00f3n diferente de qui\u00e9n son los vascos"},"content":{"rendered":"<p><a href=\"https:\/\/www.garabide.eus\/blogak\/bidaidetzak\/wp-content\/uploads\/sites\/3\/2015\/02\/luis-salgado.jpg\"><img loading=\"lazy\" decoding=\"async\" class=\"alignnone size-medium wp-image-11\" src=\"https:\/\/www.garabide.eus\/blogak\/bidaidetzak\/wp-content\/uploads\/sites\/3\/2015\/02\/luis-salgado-300x210.jpg\" alt=\"SONY DSC\" width=\"300\" height=\"210\" srcset=\"https:\/\/www.garabide.eus\/blogak\/bidaidetzak\/wp-content\/uploads\/sites\/3\/2015\/02\/luis-salgado-300x210.jpg 300w, https:\/\/www.garabide.eus\/blogak\/bidaidetzak\/wp-content\/uploads\/sites\/3\/2015\/02\/luis-salgado.jpg 500w\" sizes=\"(max-width: 300px) 100vw, 300px\" \/><\/a><\/p>\n<p>He visto que si los pueblos cuando tienen ganas de identificarse, no importan las adversidades de la vida y el Pa\u00eds Vasco surge de todas esas ganas que su gente tiene.<\/p>\n<p>En el tiempo que pas\u00e9 en su terru\u00f1o conoc\u00ed a muchas personas, como las chicas del restaurante que con qu\u00e9 esmero nos serv\u00edan las cenas. La monjita preguntaba, \u201dc\u00f3mo est\u00e1is?\u201d, Aldo siempre impaciente esperando al Boliviano becho y todos los d\u00edas empezar la ida a la universidad.<\/p>\n<p>Lo \u00fanico, que me sent\u00eda observado, la gente nos miraban como raros. Ser\u00e1 que \u00e9ramos extra\u00f1os? Pero bueno, despu\u00e9s nos dimos cuenta que no era as\u00ed: las personas se nos acercaban y nos preguntaban \u201cde d\u00f3nde sois?\u201d Y cu\u00e1l era la respuesta? \u201cSomos 10 de Ecuador y un Boliviano\u201d.<\/p>\n<p>Ahora con una visi\u00f3n diferente de qui\u00e9n son los vascos y qu\u00e9 es lo que quieren, comprendo mejor por que su lucha de dignidad, siempre con medios razonables. Fue muy grato saber de su pueblo.<\/p>\n<p>Mil gracias Garabide.<\/p>\n<p>Agur.<\/p>\n","protected":false},"excerpt":{"rendered":"<p>He visto que si los pueblos cuando tienen ganas de identificarse, no importan las adversidades de la vida y el Pa\u00eds Vasco surge de todas esas ganas que su gente tiene. En el tiempo que pas\u00e9 en su terru\u00f1o conoc\u00ed &hellip; <a href=\"https:\/\/www.garabide.eus\/blogak\/bidaidetzak\/2009\/02\/25\/luis-salgado-una-vision-diferente-de-quien-son-los-vascos\/\">Jarraitu irakurtzen <span class=\"meta-nav\">&rarr;<\/span><\/a><\/p>\n","protected":false},"author":3,"featured_media":0,"comment_status":"open","ping_status":"open","sticky":false,"template":"","format":"standard","meta":{"footnotes":""},"categories":[1],"tags":[],"_links":{"self":[{"href":"https:\/\/www.garabide.eus\/blogak\/bidaidetzak\/wp-json\/wp\/v2\/posts\/10"}],"collection":[{"href":"https:\/\/www.garabide.eus\/blogak\/bidaidetzak\/wp-json\/wp\/v2\/posts"}],"about":[{"href":"https:\/\/www.garabide.eus\/blogak\/bidaidetzak\/wp-json\/wp\/v2\/types\/post"}],"author":[{"embeddable":true,"href":"https:\/\/www.garabide.eus\/blogak\/bidaidetzak\/wp-json\/wp\/v2\/users\/3"}],"replies":[{"embeddable":true,"href":"https:\/\/www.garabide.eus\/blogak\/bidaidetzak\/wp-json\/wp\/v2\/comments?post=10"}],"version-history":[{"count":1,"href":"https:\/\/www.garabide.eus\/blogak\/bidaidetzak\/wp-json\/wp\/v2\/posts\/10\/revisions"}],"predecessor-version":[{"id":12,"href":"https:\/\/www.garabide.eus\/blogak\/bidaidetzak\/wp-json\/wp\/v2\/posts\/10\/revisions\/12"}],"wp:attachment":[{"href":"https:\/\/www.garabide.eus\/blogak\/bidaidetzak\/wp-json\/wp\/v2\/media?parent=10"}],"wp:term":[{"taxonomy":"category","embeddable":true,"href":"https:\/\/www.garabide.eus\/blogak\/bidaidetzak\/wp-json\/wp\/v2\/categories?post=10"},{"taxonomy":"post_tag","embeddable":true,"href":"https:\/\/www.garabide.eus\/blogak\/bidaidetzak\/wp-json\/wp\/v2\/tags?post=10"}],"curies":[{"name":"wp","href":"https:\/\/api.w.org\/{rel}","templated":true}]}}