{"id":245,"date":"2015-08-04T06:38:07","date_gmt":"2015-08-04T06:38:07","guid":{"rendered":"https:\/\/www.garabide.eus\/blogak\/allartean\/?p=245"},"modified":"2015-08-05T07:48:19","modified_gmt":"2015-08-05T07:48:19","slug":"joan-etorriko-hizkuntza-bidaia","status":"publish","type":"post","link":"https:\/\/www.garabide.eus\/blogak\/allartean\/2015\/08\/04\/joan-etorriko-hizkuntza-bidaia\/","title":{"rendered":"Joan-etorriko hizkuntza bidaia"},"content":{"rendered":"<p><a href=\"https:\/\/www.garabide.eus\/blogak\/allartean\/wp-content\/uploads\/sites\/4\/2015\/08\/300px-Basarri_eta_Uztapide.jpg\"><img loading=\"lazy\" decoding=\"async\" class=\"alignnone size-medium wp-image-249\" src=\"https:\/\/www.garabide.eus\/blogak\/allartean\/wp-content\/uploads\/sites\/4\/2015\/08\/300px-Basarri_eta_Uztapide-300x256.jpg\" alt=\"300px-Basarri_eta_Uztapide\" width=\"300\" height=\"256\" \/><\/a><\/p>\n<p>Sautrela saioan Manuel Olaizola &#8220;Uztapide&#8221; bertsolariaren<em><strong> Lehengo Egunak Gogoan<\/strong><\/em> liburuari buruz elkarrizketa bat ikusi nuen duela gutxi eta jakinmina sortu zitzaidan\u00a0[elkarrizketa\u00a0<strong><a href=\"http:\/\/www.eitb.eus\/eu\/telebista\/programak\/sautrela\/bideoak\/osoa\/3160184\/bideoa-benat-sarasolak-lengo-egunak-gogoan-liburua-gogoratu-du\/\">hemen<\/a><\/strong>\u00a0ikusi daiteke]. Euskaltzaindiaren web orritik liburua eskuratu eta irakurtzeari ekin nion.<\/p>\n<p>Liburua 1975ean argitaratu zen eta, kontu ugariren artean, Uztapidek\u00a0bertan kontatzen du nola gaztetan hainbat hilabete eman zuen Gasteiz ondoko Zurbao herrian, gaztelera ikasten:<\/p>\n<blockquote><p>Erderaz, berriz, ez genekigun itzik, ara allegatu gi\u00f1anean. Joan berria nintzan artean da joan gi\u00f1an, ba, langa bat jartzera nagusia ta biok, eta ez dakit propio-edo; beintzat, palankarik ez genduan eraman, da nagusi orrek esan zidan:<br \/>\n-\u00a1Vete a casa y que te den la barra de hierro!<br \/>\nNi orduan bai zintzo joan nintzala etxera. Berrogei ta amar aldiz esango nuan nik bidean, da etxean, berriz, nagusiaren arreba atera zan atarira ta:<br \/>\n-\u00a1Que te den la barra de hierro!<br \/>\nParra piska bat egin zuan, ba\u00f1a nik nagusiak esandakoa egin nuan beintzat. Etzuten burlarik egiten. Gu okerragoak igual izango gi\u00f1ake. Saiatu egiten ziran erakusten.<\/p><\/blockquote>\n<p>Gizarte zientzietan <strong>autogorrotoa<\/strong> norberaren identitate kolektiboari uko egitea eta talde menderatzailearekin identifikatzea da. Kontzeptua <strong>Rafael Ninyoles<\/strong> soziolinguista valentziarrak ekarri zigun. Autogorrotoa, hortaz, norberaren hizkuntzarekiko sentimendu negatiboa da,<strong> talde linguistiko propioa gutxiestea eta harengandik urrundu nahi izatea.<\/strong><\/p>\n<p>Autogorroto izpirik ez, Uztapideren jarreran; <strong>harrotasun sano eta naturala<\/strong> baizik. Euskaldun eta euskahaldun peto-petoa da. Euskatzalea ere bai. Nabari-nabaria da liburu osoan zehar.<\/p>\n<p>Gustatu zait Arabako eta Gasteizko euskarari buruz egiten duen gogoeta:<\/p>\n<blockquote><p>Euskera bizi dan erriak ere ez dira asko izango Araban, ba\u00f1a zerbait, Araian edo, zarren batzuek izango dira oraindik itzegingo dutenak. Ba\u00f1a oraingo gazteak ezin lezateke itzegin. Ango euskera joan da! Aldaketa aundiren bat etortzen ez bada bei\u00f1epein, len galtzen joan dan bezela atzera indartzen asten ez bada beintzat, akabo ango euskera ere! Billarrealen ere itzegiten zan geroxeagoan ere. An ere orain zarren batzuek itzegingo dute. Zar aiek bukatzen diranean, ze\u00f1ek itzegingo du an ere euskeraz?<br \/>\n\/&#8230;\/<br \/>\nBitorian ari omen dira batzuek orain euskeraz ikasten. Bitoriak ez du galdu egingo euskerarik. Ni egon nintzan an mutil koskorretan, eta an etzan orduan ere itzegiten euskerarik, oso gutxi ez bada. Ementxe Bizkaitik edo Gipuzkoatik joandakoren bat an bizitzen baldin bazegoan, aretxek itzegingo zuan; ba\u00f1a an bertan jaiotakoak beintzat, batek ere ez.<br \/>\nOrregatik esaten det Bitoriak ez duala galduko euskerarik; bada ere, irabazi. Berrogei ta amarrek ikasten badute ere, aiek geiago, eta galtzeko berdurrik ez.<\/p><\/blockquote>\n<p>Euskadi Irratian: <strong><em><a href=\"http:\/\/www.eitb.eus\/eu\/irratia\/euskadi-irratia\/programak\/faktoria\/audioak\/osoa\/3302352\/zurbao-hizkuntza-bidaia-xx-mende-hasiera-joanetorriko\/\">Zurbao; joan-etorriko hizkuntza bidaia XX. mende hasieran<\/a>\u00a0<\/em><\/strong>erreportajea eman zuten duela gutxi. Han ere Uztapideren egonaldia kontatu dute, eta bera\u00a0hartu zuten familia horietako ondorengoak\u00a0elkarrizketatu. Euskaraz elkarrizketatu dituzte, haiek orain euskaldunak direlako,\u00a0barnetegietan eta familia egonaldietan euskaldundutakoak, alegia.<\/p>\n<p><strong>Joan-etorriko bidaia,<\/strong> bai horixe!<\/p>\n","protected":false},"excerpt":{"rendered":"<p>Sautrela saioan Manuel Olaizola &#8220;Uztapide&#8221; bertsolariaren Lehengo Egunak Gogoan liburuari buruz elkarrizketa bat ikusi nuen duela gutxi eta jakinmina sortu zitzaidan\u00a0[elkarrizketa\u00a0hemen\u00a0ikusi daiteke]. Euskaltzaindiaren web orritik liburua eskuratu eta irakurtzeari ekin nion. Liburua 1975ean argitaratu zen eta, kontu ugariren artean, Uztapidek\u00a0bertan &hellip; <a href=\"https:\/\/www.garabide.eus\/blogak\/allartean\/2015\/08\/04\/joan-etorriko-hizkuntza-bidaia\/\">Jarraitu irakurtzen <span class=\"meta-nav\">&rarr;<\/span><\/a><\/p>\n","protected":false},"author":5,"featured_media":0,"comment_status":"open","ping_status":"open","sticky":false,"template":"","format":"standard","meta":{"footnotes":""},"categories":[1],"tags":[],"_links":{"self":[{"href":"https:\/\/www.garabide.eus\/blogak\/allartean\/wp-json\/wp\/v2\/posts\/245"}],"collection":[{"href":"https:\/\/www.garabide.eus\/blogak\/allartean\/wp-json\/wp\/v2\/posts"}],"about":[{"href":"https:\/\/www.garabide.eus\/blogak\/allartean\/wp-json\/wp\/v2\/types\/post"}],"author":[{"embeddable":true,"href":"https:\/\/www.garabide.eus\/blogak\/allartean\/wp-json\/wp\/v2\/users\/5"}],"replies":[{"embeddable":true,"href":"https:\/\/www.garabide.eus\/blogak\/allartean\/wp-json\/wp\/v2\/comments?post=245"}],"version-history":[{"count":6,"href":"https:\/\/www.garabide.eus\/blogak\/allartean\/wp-json\/wp\/v2\/posts\/245\/revisions"}],"predecessor-version":[{"id":255,"href":"https:\/\/www.garabide.eus\/blogak\/allartean\/wp-json\/wp\/v2\/posts\/245\/revisions\/255"}],"wp:attachment":[{"href":"https:\/\/www.garabide.eus\/blogak\/allartean\/wp-json\/wp\/v2\/media?parent=245"}],"wp:term":[{"taxonomy":"category","embeddable":true,"href":"https:\/\/www.garabide.eus\/blogak\/allartean\/wp-json\/wp\/v2\/categories?post=245"},{"taxonomy":"post_tag","embeddable":true,"href":"https:\/\/www.garabide.eus\/blogak\/allartean\/wp-json\/wp\/v2\/tags?post=245"}],"curies":[{"name":"wp","href":"https:\/\/api.w.org\/{rel}","templated":true}]}}