{"id":1482,"date":"2018-07-13T17:53:24","date_gmt":"2018-07-13T17:53:24","guid":{"rendered":"https:\/\/www.garabide.eus\/blogak\/allartean\/?p=1482"},"modified":"2018-07-14T08:10:48","modified_gmt":"2018-07-14T08:10:48","slug":"musika-banda-duen-hizkuntza","status":"publish","type":"post","link":"https:\/\/www.garabide.eus\/blogak\/allartean\/2018\/07\/13\/musika-banda-duen-hizkuntza\/","title":{"rendered":"Hizkuntza bat, musika-banda bat atzean"},"content":{"rendered":"<p>Ezaguna da Max Weinreich hizkuntzalariaren esana:<strong> &#8220;Hizkuntza bat armada duen dialekto bat da&#8221;<\/strong>. Alderantziz ere esan daiteke: &#8220;dialekto bat armadarik ez duen hizkuntza bat da&#8221;. Funtsean adierazi nahi da hizkuntzaren eta dialektoaren arteko bereizketa politikoa dela, linguistikoa bainoago.<\/p>\n<p>Toni Moll\u00e1 idazle eta kazetari valentziarrari entzun diot, <strong>Lluis V. Aracil <\/strong>soziolinguistak\u00a0 aipu horren egokitzapen bitxia egin ohi zuela. Haren esanetan,<strong> &#8220;dialekto bat atzean musika-bandarik ez duen hizkuntza bat da&#8221;<\/strong> edo, alderantziz esanda, <strong>&#8220;hizkuntza bat atzean musika-banda duen dialekto bat da&#8221;.<\/strong> Esan nahi baita, hizkuntza batentzat, botere politikoa bezain garrantzitsua edo are garrantzitsuagoa dela atzean egitura zibil sendo bat izatea. Erabat zentrala da gizarte zibilaren papera.<\/p>\n<p>Gustatu zait aipua.\u00a0<strong>Toni Moll\u00e1<\/strong>k Alcoi-ko soziolinguistika jardunaldietan emandako hitzaldian jasotakoa da. Merezi du hitzaldia osorik entzutea.<\/p>\n<p><iframe loading=\"lazy\" title=\"XXIII Jornada de Socioling\u00fc\u00edstica d&#039;Alcoi 2018: Pon\u00e8ncia Toni Moll\u00e0\" width=\"584\" height=\"329\" src=\"https:\/\/www.youtube.com\/embed\/8V7ibwKdR0s?feature=oembed\" frameborder=\"0\" allow=\"accelerometer; autoplay; clipboard-write; encrypted-media; gyroscope; picture-in-picture; web-share\" referrerpolicy=\"strict-origin-when-cross-origin\" allowfullscreen><\/iframe><\/p>\n","protected":false},"excerpt":{"rendered":"<p>Ezaguna da Max Weinreich hizkuntzalariaren esana: &#8220;Hizkuntza bat armada duen dialekto bat da&#8221;. Alderantziz ere esan daiteke: &#8220;dialekto bat armadarik ez duen hizkuntza bat da&#8221;. Funtsean adierazi nahi da hizkuntzaren eta dialektoaren arteko bereizketa politikoa dela, linguistikoa bainoago. Toni Moll\u00e1 &hellip; <a href=\"https:\/\/www.garabide.eus\/blogak\/allartean\/2018\/07\/13\/musika-banda-duen-hizkuntza\/\">Jarraitu irakurtzen <span class=\"meta-nav\">&rarr;<\/span><\/a><\/p>\n","protected":false},"author":5,"featured_media":0,"comment_status":"open","ping_status":"open","sticky":false,"template":"","format":"standard","meta":{"footnotes":""},"categories":[1],"tags":[142,27,2,25,143],"_links":{"self":[{"href":"https:\/\/www.garabide.eus\/blogak\/allartean\/wp-json\/wp\/v2\/posts\/1482"}],"collection":[{"href":"https:\/\/www.garabide.eus\/blogak\/allartean\/wp-json\/wp\/v2\/posts"}],"about":[{"href":"https:\/\/www.garabide.eus\/blogak\/allartean\/wp-json\/wp\/v2\/types\/post"}],"author":[{"embeddable":true,"href":"https:\/\/www.garabide.eus\/blogak\/allartean\/wp-json\/wp\/v2\/users\/5"}],"replies":[{"embeddable":true,"href":"https:\/\/www.garabide.eus\/blogak\/allartean\/wp-json\/wp\/v2\/comments?post=1482"}],"version-history":[{"count":9,"href":"https:\/\/www.garabide.eus\/blogak\/allartean\/wp-json\/wp\/v2\/posts\/1482\/revisions"}],"predecessor-version":[{"id":1493,"href":"https:\/\/www.garabide.eus\/blogak\/allartean\/wp-json\/wp\/v2\/posts\/1482\/revisions\/1493"}],"wp:attachment":[{"href":"https:\/\/www.garabide.eus\/blogak\/allartean\/wp-json\/wp\/v2\/media?parent=1482"}],"wp:term":[{"taxonomy":"category","embeddable":true,"href":"https:\/\/www.garabide.eus\/blogak\/allartean\/wp-json\/wp\/v2\/categories?post=1482"},{"taxonomy":"post_tag","embeddable":true,"href":"https:\/\/www.garabide.eus\/blogak\/allartean\/wp-json\/wp\/v2\/tags?post=1482"}],"curies":[{"name":"wp","href":"https:\/\/api.w.org\/{rel}","templated":true}]}}